{"id":1027,"date":"2022-03-24T18:14:49","date_gmt":"2022-03-24T18:14:49","guid":{"rendered":"https:\/\/skcns.org\/mladima-treba-pruziti-priliku-da-rizikuju-i-da-grese-jer-ce-tako-osetiti-sta-zaista-znaci-ucestvovati-u-kulturnom-stvaralastvu-evrope\/"},"modified":"2022-03-24T18:14:49","modified_gmt":"2022-03-24T18:14:49","slug":"mladima-treba-pruziti-priliku-da-rizikuju-i-da-grese-jer-ce-tako-osetiti-sta-zaista-znaci-ucestvovati-u-kulturnom-stvaralastvu-evrope","status":"publish","type":"post","link":"https:\/\/skcns.org\/sr_cyr\/mladima-treba-pruziti-priliku-da-rizikuju-i-da-grese-jer-ce-tako-osetiti-sta-zaista-znaci-ucestvovati-u-kulturnom-stvaralastvu-evrope\/","title":{"rendered":"Mladima treba pru\u017eiti priliku da rizikuju i da gre\u0161e, jer \u0107e tako osetiti \u0161ta zaista zna\u010di u\u010destvovati u kulturnom stvarala\u0161tvu Evrope."},"content":{"rendered":"<figure class=\"\\\"wp-block-image\" size-large\\\"><img src=\"\\\"http:><figcaption>\u0424\u043e\u0442\u043e: \u041b\u0435\u0430 \u0411\u043e\u0434\u043e\u0440<\/figcaption><\/figure>\n\n\n\n<p>Mladima trebaju vreme i mesto koje \u0107e iskoristiti da rizikuju i da gre\u0161e, a to nije lako u dru\u0161tvu koje je kompetitivno i koje nas tera da se kre\u0107emo i razmi\u0161ljamo veoma brzo, i koje je u kulturnom sektoru \u010desto projektno orjentisano i usmereno na inovacije. Ono \u0161to stariji mogu i treba da urade jeste da pru\u017ee priliku mladima da gre\u0161e i u\u010de iz poku\u0161aja. Ovo su neki od zaklju\u010daka Me\u0111unarodne konferencije \u201cOmladinski sporazum o kulturnoj participaciji u Evropi\u201d, koja je odr\u017eana 22. i 23. marta u Novom Sadu, u Omladinskom centru OPENS i SKCNS Fabrici, u organizaciji Studentskog kulturnog centra Novi Sad i partnerskih ustanova iz mre\u017ee <a href=\"\/sr_cyr\/\"https:>\u201cBe SpectACTive!\u201d<\/a>.<\/p>\n\n\n\n<p>Tokom ova dva dana, u Novom Sadu okupili su se u\u010desnici iz 19 partnerskih organizacija iz 15 zemalja koji su na kriti\u010dki na\u010din preispitivali stereotipe o mladima i omladinskoj kulturi. Posebna pa\u017enja posve\u0107ena je i primeni inovativnih pristupa kulturnog u\u010de\u0161\u0107a mladih, koji \u0107e mo\u0107i da zadovolje potrebe novih generacija.<\/p>\n\n\n\n<figure class=\"\\\"wp-block-image\" size-large\\\"><img src=\"\\\"http:><figcaption>Luka Ri\u010di i Luis Bone. Foto: Lea Bodor<\/figcaption><\/figure>\n\n\n\n<p>\u201eNiko nas starije nije u\u010dio da verujemo u sebe i mislim da je va\u017eno da mladi sti\u010du samopouzdanje kroz prakti\u010dan rad. Dakle, nije poenta da im damo priliku da slu\u0161aju o tome kako se voze kola ve\u0107 da im omogu\u0107imo da ih sami voze\u201c, ka\u017ee Luka Ri\u010di, jedan od koordinatora programa evropske saradnje \u201cBe SpectACTive!\u201d koji je fokusiran na uklju\u010divanje publike u izvo\u0111a\u010dke umetnosti, kroz umetni\u010dke produkcije i participativne prakse.<\/p>\n\n\n\n<p>\u201cRizikujte i pravite gre\u0161ke, jer kultura je iskustvo, to nije ne\u0161to \u0161to neko mo\u017ee da vas nau\u010di, kulturu morate iskusiti, a mi smo tu da vam damo priliku da to u\u010dinite\u201c, poru\u010dio je on.<\/p>\n\n\n\n<figure class=\"\\\"wp-block-image\" size-large\\\"><img src=\"\\\"http:><figcaption>Luka Ri\u010di. Foto: Lea Bodor<\/figcaption><\/figure>\n\n\n\n<p>Izme\u0111u ostalih, na konfereciji su u\u010destvovali: \u0110ulijana \u0106an\u0107o, koordinatorksa programa Be SpectACTive!), dramatur\u0161kinja Minja Bogavac, direktorka programa UNESCO katedre za kulturnu politiku i menad\u017ement prof. Dr Milena Dragi\u010devi\u0107 \u0160e\u0161i\u0107, prof. socijalne antropologije Karl Fei\u0161a sa Univerziteta Pompeu Fabra u Barseloni, koji je i dugogodi\u0161nji saradnik Ujedinjenih nacija za omladinske politike, Gvido Van Hengel, holandski pisac, predava\u010d i istori\u010dar, Marko Pejovi\u0107, psiholog, psihoterapeut, teoreti\u010dar umetnosti i pozori\u0161ni prakti\u010dar, \u010dlan Grupe \u201eHajde da&#8230;\u201c, Tamara Uro\u0161evi\u0107, novinarka i trenerica obuka za mlade na temu medijske i informacione pismenosti, Diana Tepavac, direktorka Asite\u017e Srbija, Milica Ra\u0161kovi\u0107, direktorka razvojnog programa Fondacije Novi Sad-Evropska prestonica kulture, Miljana Peji\u0107, generalna sekretarka Krovne organizacije mladih Srbije, Vladimir Marinkovi\u0107, direktor novosadskog ogranka Francuskog instituta u Srbiji i mnogi drugi.<\/p>\n\n\n\n<figure class=\"\\\"wp-block-image\" size-large\\\"><img src=\"\\\"http:><figcaption>Mladi aktivni gledaoci. Foto: Lea Bodor<\/figcaption><\/figure>\n\n\n\n<p>U osmi\u0161ljavanju programa konferencije, kao i u realizaciji u\u010destvovali su mladi aktivni gledaoci iz Novog Sada: Pavle Hrn\u010di\u0107, Mila Paji\u0107, Amelia Staki\u0107, Anja Pejinovi\u0107, Vi\u0161na Vukajlovi\u0107, Marija \u0110ur\u0111evi\u0107, Petra Proti\u0107, Nikolina \u0110enadija, Sta\u0161a Kecojevi\u0107&nbsp; i Jelena Laketi\u0107.<\/p>\n\n\n\n<p>\u201cZastupljena je predrasuda da su mladi nezainteresovani za ono \u0161to se oko njih de\u0161ava, me\u0111utim to nije ba\u0161 sasvim ta\u010dno. Mislim da treba \u010de\u0161\u0107e da budemo pitani za ono \u0161to se nas ti\u010de, i onda bismo videli da ima mladih koji se itekako interesuju za razne dru\u0161tveno-politi\u010dke teme\u201d, ka\u017ee Marija \u0110ur\u0111evi\u0107, predstavnica aktivnih gledalaca, koji su uklju\u010deni u program \u201cBe SpectACTive!\u201d.<\/p>\n\n\n\n<figure class=\"\\\"wp-block-image\" size-large\\\"><img src=\"\\\"http:><figcaption>Mladi aktivni gledaoci. Foto: Lea Bodor<\/figcaption><\/figure>\n\n\n\n<p>Valter Zampieri, predstavnik programa Kreativna Evropa i rukovodilac Odseka za kulturu Evropske izvr\u0161ne agencija za obrazovanje i kulturu, istakao je da je va\u017eno da svi zajedno stvaramo kulturne sadr\u017eaje, a ne da ih samo ponudimo mladima.<\/p>\n\n\n\n<p>\u201cVa\u017eno je da omogu\u0107imo mladima da stvaraju kulturne sadr\u017eaje koji su odr\u017eivi. To zna\u010di da ne smemo da se fokusiramo samo na projekte u kulturi ve\u0107 na dugoro\u010dne procese koji \u0107e omogu\u0107iti odr\u017eivost kulturnih sadr\u017eaja i kulturne ponude\u201d, istakao je on.<\/p>\n\n\n\n<p>Tokom konferencije izvedene su i predstave savremenog plesa, \u201c2GETHER\/AL(L)ONE\u201d, u produkciji Plesnog teara Ljubljana, \u201cAssimilate\u201d u prodikciji ArtRitam asocijacije iz Novog Sada, kao i interaktivni performansi virtuelne realnost: Igor&amp;Moreno, italijanske produkcije i \u201cSuperfluous\u201d, grupe En Knap iz Slovenije.<\/p>\n\n\n\n<figure class=\"\\\"wp-block-image\" size-large\\\"><img src=\"\\\"http:><figcaption>2GETHER\/AL(L)ONE. Foto: Lea Bodor<\/figcaption><\/figure>\n\n\n\n<p>Konferenciju su podr\u017eali program Kreativna Evropa, Ministarstvo kulture i informisanja Republike Srbije, Fondacija \u201eNovi Sad \u2013 evropska prestonica kulture\u201c i projekat \u201cPerform Europe\u201d koji finansira Evropska unija, kao i Pokrajinski sekretarijat za finansije. Konferencija je i deo programa \u201eBudu\u0107nost Evrope\u201c u sklopu Evropske prestonice kulture \u2013 Novi Sad 2022, koji je posve\u0107en promociji kulture za decu i mlade.<\/p>\n\n\n\n<p>\u201cOmladinski sporazum o kulturnoj participaciji u Evropi\u201d je tre\u0107a od \u010detiri konferencije planirane u okviru \u201cBe SpectACTive!\u201d projekta. Prva je odr\u017eana u francuskom gradu Monpeljeu, druga u Sansepolkrou u Italiji, a \u010detvrta \u0107e biti u Lisabonu u Portugalu, septembra 2022. Svaka od konferencija bavi se razli\u010ditim temama koje se ti\u010du kulturne participacije.<\/p>","protected":false},"excerpt":{"rendered":"<p>Mladima trebaju vreme i mesto koje \u0107e iskoristiti da rizikuju i da gre\u0161e, a to nije lako u dru\u0161tvu koje je kompetitivno i koje nas tera da se kre\u0107emo i [&hellip;]<\/p>\n","protected":false},"author":2,"featured_media":0,"comment_status":"open","ping_status":"open","sticky":false,"template":"","format":"standard","meta":{"site-sidebar-layout":"default","site-content-layout":"","ast-site-content-layout":"default","site-content-style":"default","site-sidebar-style":"default","ast-global-header-display":"","ast-banner-title-visibility":"","ast-main-header-display":"","ast-hfb-above-header-display":"","ast-hfb-below-header-display":"","ast-hfb-mobile-header-display":"","site-post-title":"","ast-breadcrumbs-content":"","ast-featured-img":"","footer-sml-layout":"","ast-disable-related-posts":"","theme-transparent-header-meta":"","adv-header-id-meta":"","stick-header-meta":"","header-above-stick-meta":"","header-main-stick-meta":"","header-below-stick-meta":"","astra-migrate-meta-layouts":"default","ast-page-background-enabled":"default","ast-page-background-meta":{"desktop":{"background-color":"","background-image":"","background-repeat":"repeat","background-position":"center center","background-size":"auto","background-attachment":"scroll","background-type":"","background-media":"","overlay-type":"","overlay-color":"","overlay-opacity":"","overlay-gradient":""},"tablet":{"background-color":"","background-image":"","background-repeat":"repeat","background-position":"center center","background-size":"auto","background-attachment":"scroll","background-type":"","background-media":"","overlay-type":"","overlay-color":"","overlay-opacity":"","overlay-gradient":""},"mobile":{"background-color":"","background-image":"","background-repeat":"repeat","background-position":"center center","background-size":"auto","background-attachment":"scroll","background-type":"","background-media":"","overlay-type":"","overlay-color":"","overlay-opacity":"","overlay-gradient":""}},"ast-content-background-meta":{"desktop":{"background-color":"var(--ast-global-color-5)","background-image":"","background-repeat":"repeat","background-position":"center center","background-size":"auto","background-attachment":"scroll","background-type":"","background-media":"","overlay-type":"","overlay-color":"","overlay-opacity":"","overlay-gradient":""},"tablet":{"background-color":"var(--ast-global-color-5)","background-image":"","background-repeat":"repeat","background-position":"center center","background-size":"auto","background-attachment":"scroll","background-type":"","background-media":"","overlay-type":"","overlay-color":"","overlay-opacity":"","overlay-gradient":""},"mobile":{"background-color":"var(--ast-global-color-5)","background-image":"","background-repeat":"repeat","background-position":"center center","background-size":"auto","background-attachment":"scroll","background-type":"","background-media":"","overlay-type":"","overlay-color":"","overlay-opacity":"","overlay-gradient":""}},"footnotes":""},"categories":[4],"tags":[],"class_list":["post-1027","post","type-post","status-publish","format-standard","hentry","category-vesti"],"_links":{"self":[{"href":"https:\/\/skcns.org\/sr_cyr\/wp-json\/wp\/v2\/posts\/1027","targetHints":{"allow":["GET"]}}],"collection":[{"href":"https:\/\/skcns.org\/sr_cyr\/wp-json\/wp\/v2\/posts"}],"about":[{"href":"https:\/\/skcns.org\/sr_cyr\/wp-json\/wp\/v2\/types\/post"}],"author":[{"embeddable":true,"href":"https:\/\/skcns.org\/sr_cyr\/wp-json\/wp\/v2\/users\/2"}],"replies":[{"embeddable":true,"href":"https:\/\/skcns.org\/sr_cyr\/wp-json\/wp\/v2\/comments?post=1027"}],"version-history":[{"count":0,"href":"https:\/\/skcns.org\/sr_cyr\/wp-json\/wp\/v2\/posts\/1027\/revisions"}],"wp:attachment":[{"href":"https:\/\/skcns.org\/sr_cyr\/wp-json\/wp\/v2\/media?parent=1027"}],"wp:term":[{"taxonomy":"category","embeddable":true,"href":"https:\/\/skcns.org\/sr_cyr\/wp-json\/wp\/v2\/categories?post=1027"},{"taxonomy":"post_tag","embeddable":true,"href":"https:\/\/skcns.org\/sr_cyr\/wp-json\/wp\/v2\/tags?post=1027"}],"curies":[{"name":"wp","href":"https:\/\/api.w.org\/{rel}","templated":true}]}}