{"id":5704,"date":"2024-08-22T11:35:53","date_gmt":"2024-08-22T11:35:53","guid":{"rendered":"https:\/\/skcns.org\/?p=5704"},"modified":"2024-09-17T15:20:16","modified_gmt":"2024-09-17T15:20:16","slug":"viii-tanz-platz-od-14-do-20-septembra-u-skcns-u","status":"publish","type":"post","link":"https:\/\/skcns.org\/sr_cyr\/viii-tanz-platz-od-14-do-20-septembra-u-skcns-u\/","title":{"rendered":"VIII Tanz Platz od 14. do 20. septembra u SKCNS-u"},"content":{"rendered":"<figure class=\"wp-block-image aligncenter size-large\"><img fetchpriority=\"high\" decoding=\"async\" width=\"1024\" height=\"576\" src=\"https:\/\/skcns.org\/wp-content\/uploads\/2024\/08\/FB-cover-TP-2024-1024x576.jpg\" alt=\"\" class=\"wp-image-5705\" srcset=\"https:\/\/skcns.org\/wp-content\/uploads\/2024\/08\/FB-cover-TP-2024-1024x576.jpg 1024w, https:\/\/skcns.org\/wp-content\/uploads\/2024\/08\/FB-cover-TP-2024-600x338.jpg 600w, https:\/\/skcns.org\/wp-content\/uploads\/2024\/08\/FB-cover-TP-2024-768x432.jpg 768w, https:\/\/skcns.org\/wp-content\/uploads\/2024\/08\/FB-cover-TP-2024-18x10.jpg 18w, https:\/\/skcns.org\/wp-content\/uploads\/2024\/08\/FB-cover-TP-2024.jpg 1200w\" sizes=\"(max-width: 1024px) 100vw, 1024px\" \/><\/figure>\n\n\n\n<p><\/p>\n\n\n\n<p>Me\u0111unarodni festival savremenog plesa Tanz Platz odr\u017eava se od 14. do 20. septembra 2024. godine, u SKCNS-u, koji se nalazi u Ulici Vladimira Peri\u0107a Valtera 5. Ovo je osmo izdanje festivala, u organizaciji Studentskog kulturnog centra Novi Sad, a program obuhvata plesne performanse umetnika i umetnica koji dolaze iz \u010ce\u0161ke, Ma\u0111arske Nema\u010dke, Gr\u010dke i Poljske. Festival \u0107e otvoriti perfomans nema\u010dkog umetnika srpskog porekla Darka Radosavljeva \u201eSala\u0161\u201c.<\/p>\n\n\n\n<p>Tanz Platz je manifestacija \u010diji cilj je da predstavi mlade aktere na evropskoj plesnoj sceni i tendencije u savremenom plesu. Nastao je uz podr\u0161ku evropske plesne platforme Aerowaves, u \u010dijem fokusu su mladi i nadolaze\u0107i plesa\u010di i plesa\u010dice savremenog plesa, koreografi i koreografkinje, kao i ostali profesionalci koji se bave ovom umetno\u0161\u0107u.<\/p>\n\n\n\n<p>Aerowaves je mre\u017ea plesnih festivala i pozori\u0161ta osnovana 1996. godine koju \u010dine 42 eksperta iz podru\u010dja savremenog plesa iz 33 dr\u017eave Evrope. Na prvom sastanku u Londonu 1996. godine pristigla su 262 video-zapisa iz 24 zemlje. Od tada zapo\u010dinje prezentacija plesnih izvedbi deset finalista u sklopu Resolution festivala u londonskom pozori\u0161tu The Place.<\/p>\n\n\n\n<p>Dvadeset osam godina kasnije, na otvoreni poziv pristi\u017ee vi\u0161e stotina koreografija iz svih delova starog kontinenta, a finalisti, uz sad ve\u0107 tradicionalna izvo\u0111enja u Londonu, svoje radove mogu predstaviti i na dodatnih 25 scena \u0161irom Evrope. Toliko je, naime, registovanih partnera unutar platforme koju podr\u017eava EU od 2014. godine kroz program Kreativna Evropa. Time je broj mogu\u0107ih prezentacija unutar Aerowaves mre\u017ee u jednoj sezoni dosegao vi\u0161e od 100 izvedbi. Rad mre\u017ee Aerowaves po\u010diva na uverenju da se mladi plesni umetnici razvijaju u susretu s publikom i umetnicima iz ostalih zemalja. S druge strane, publika ostaje oplemenjena iskustvom susreta s plesnom umetno\u0161\u0107u koja odi\u0161e originalno\u0161\u0107u i mladala\u010dkom individualno\u0161\u0107u.<\/p>\n\n\n\n<p>Cena ulaznice za svaku od predstava je 800 dinara. Ulaznice mogu da se kupe <strong><a href=\"https:\/\/new.gigstix.com\/event\/tanz-platz-novi-sad-septembar-2024\/\">na sajtu<\/a><\/strong> i prodajnim mestima Gigstixa, kao i na dan izvo\u0111enja, na biletarnici SKCNS-a, koja \u0107e biti otvorena od 10 do 20 \u010dasova. Cena ulaznice za mlade do 30 godina je 500 dinara i kupovina je mogu\u0107a samo u centralnoj biletarnici Gigstixa u Pariskom magazinu, kao i na dan izvo\u0111enja, na biletarnici SKCNS-a.<\/p>\n\n\n\n<p>Producent Festivala je Studentski kulturni centar u Novom Sadu. Festival su podr\u017eali mre\u017ea Aerowaves, Program Kreativna Evropa Evropske unije, Ministarstvo kulture Republike Srbije i Pokrajinski sekretarijat za kulturu, javno informisanje i odnose sa verskim zajednicama.<\/p>\n\n\n\n<p class=\"has-text-align-center\"><strong>PROGRAM:<\/strong><\/p>\n\n\n\n<p class=\"has-text-align-center\"><strong>Subota, 14. septembar 17h<\/strong><\/p>\n\n\n\n<p class=\"has-text-align-center\"><strong>Moving Balkans Brainstorm Caffe<\/strong><\/p>\n\n\n\n<figure class=\"wp-block-image aligncenter size-large is-resized\"><img decoding=\"async\" width=\"1024\" height=\"512\" src=\"https:\/\/skcns.org\/wp-content\/uploads\/2024\/08\/moving-balkans_full-1-1024x512.png\" alt=\"\" class=\"wp-image-5707\" style=\"width:713px;height:auto\" srcset=\"https:\/\/skcns.org\/wp-content\/uploads\/2024\/08\/moving-balkans_full-1-1024x512.png 1024w, https:\/\/skcns.org\/wp-content\/uploads\/2024\/08\/moving-balkans_full-1-600x300.png 600w, https:\/\/skcns.org\/wp-content\/uploads\/2024\/08\/moving-balkans_full-1-768x384.png 768w, https:\/\/skcns.org\/wp-content\/uploads\/2024\/08\/moving-balkans_full-1-18x9.png 18w, https:\/\/skcns.org\/wp-content\/uploads\/2024\/08\/moving-balkans_full-1.png 1084w\" sizes=\"(max-width: 1024px) 100vw, 1024px\" \/><\/figure>\n\n\n\n<p><\/p>\n\n\n\n<p>Moving Balkans predstavlja novu platformu za savremeni ples, koja se uspostavlja kroz saradnju plesnih profesionalaca sa celog Balkana. Misija platforme je da podigne nivo savremenog plesa u regionu i da ga pozicionira kao konkurentnog u Evropi. Kao deo Moving Balkans projekta osmi\u0161ljen je Moving Balkans Brainstorm Caffe koji \u0107e okupiti umetnike i radnike u kulturi iz oblasti savremenog plesa, cirkusa i pozori\u0161ta kako bi razgovarali i promi\u0161ljali o budu\u0107nosti savremenog plesa i izvo\u0111a\u010dkih umetnosti u Srbiji. Ovaj doga\u0111aj predstavlja \u017eelju i inicijativu tima Moving Balkans za razgovor o potrebama umetni\u010dke zajednice i njenih raznorodnih segmenata, a onda i o potencijalnim re\u0161enjima koja su ostvariva kroz jedan ovakav projekat. Kroz regionalnu partnersku mre\u017eu, prikazivanja plesnih predstava, inicijativa za mobilnost umetnika, radionice, ko-produkcije i izgradnju kapaciteta, Moving Balkans osna\u017euje plesne profesionalce i podi\u017ee svest o vibrantnoj plesnoj sceni na Balkanu. Autorke i moderatorke su Jovana Raki\u0107, umetni\u010dka koordinatorka projekta u Srbiji i Marija (Zmaja) Popovi\u0107, koordinatorka projekta Moving Balkans. Projekat Moving Balkans sufinansira Evropska unija kroz program Kreativna Evropa, a SKCNS je jedan od dva vode\u0107a partnera u ovom projektu koji pokriva geografsko podru\u010dje Balkana.<\/p>\n\n\n\n<p><\/p>\n\n\n\n<p><\/p>\n\n\n\n<p class=\"has-text-align-center\"><strong>Subota, 14. septembar, 20h, OTVARANJE FESTIVALA<\/strong><\/p>\n\n\n\n<p class=\"has-text-align-center\">\u201c<strong>Sala\u0161\u201d, Darko Radosavljev, Nema\u010dka\/Srbija<\/strong><strong><\/strong><\/p>\n\n\n\n<p class=\"has-text-align-center\"><strong>Trajanje: 60 minuta<\/strong><\/p>\n\n\n\n<figure class=\"wp-block-image aligncenter size-large is-resized\"><img decoding=\"async\" width=\"1024\" height=\"683\" src=\"https:\/\/skcns.org\/wp-content\/uploads\/2024\/08\/5V7A3156-Kopie-1024x683.jpg\" alt=\"\" class=\"wp-image-5708\" style=\"width:713px;height:auto\" title=\"Foto_Ursula Kaufmann\" srcset=\"https:\/\/skcns.org\/wp-content\/uploads\/2024\/08\/5V7A3156-Kopie-1024x683.jpg 1024w, https:\/\/skcns.org\/wp-content\/uploads\/2024\/08\/5V7A3156-Kopie-600x400.jpg 600w, https:\/\/skcns.org\/wp-content\/uploads\/2024\/08\/5V7A3156-Kopie-768x512.jpg 768w, https:\/\/skcns.org\/wp-content\/uploads\/2024\/08\/5V7A3156-Kopie-1536x1024.jpg 1536w, https:\/\/skcns.org\/wp-content\/uploads\/2024\/08\/5V7A3156-Kopie-2048x1366.jpg 2048w, https:\/\/skcns.org\/wp-content\/uploads\/2024\/08\/5V7A3156-Kopie-18x12.jpg 18w\" sizes=\"(max-width: 1024px) 100vw, 1024px\" \/><\/figure>\n\n\n\n<p><\/p>\n\n\n\n<p>U predstavi \u201eSala\u0161 &#8211; radna pri\u010da\u201c, plesa\u010d i koreograf Darko Radosavljev istra\u017euje mitove i pri\u010de iz svoje rodne Srbije, nagla\u0161avaju\u0107i dinamike unutar porodice i identitetske teme. U srpskom jeziku, \u201esala\u0161\u201c ozna\u010dava poljsko imanje izvan naseljenog mesta u kom \u017eive radnici. Darkova porodica sa o\u010deve strane \u017eivela je na jednom takvom imanju sve dok nisu stekli dovoljno materijalne sigurnosti da se presele u selo. Stoga, sala\u0161 predstavlja ne samo konkretan biografski prostor ve\u0107 i povr\u0161inu za projekciju li\u010dnih i kolektivnih narativa.&nbsp; Darkov solisti\u010dki nastup stvara prostor izme\u0111u pri\u010da njegove bake i odrastanja u Nema\u010dkoj, pru\u017eaju\u0107i koreografsku perspektivu koja nas poziva na razmi\u0161ljanje i formiranje slike fizi\u010dkog rada unutar porodi\u010dne zajednice, te na konstantno ponovno preispitivanje ovih sfera.&nbsp;Performans podr\u017eao Gete Institut u Nema\u010dkoj.<\/p>\n\n\n\n<p>Koncept, koreografija i izvo\u0111enje: Darko Radosavljev<\/p>\n\n\n\n<p>Dizajn stejd\u017ea: Dragan Denda<\/p>\n\n\n\n<p>Savetnik za dramaturgiju: Thomas Schaupp<\/p>\n\n\n\n<p>Dizajn svetla: J\u00f6rn Nettingsmeier<\/p>\n\n\n\n<p>Menad\u017eerka produkcije, umetni\u010dka savetnica: Linda Pilar Brodahg<\/p>\n\n\n\n<p>Monta\u017ea videa: Stsiapan Hurski<\/p>\n\n\n\n<p>Kostim: Darko Radosavljev, Anne Bentgens<\/p>\n\n\n\n<p>Logistika: Jakob Weismann<\/p>\n\n\n\n<p>Sala\u0161 narator: Milan Radosavljev<\/p>\n\n\n\n<p>Fotografija: Rainer Christian Kurzeder i Ursula Kaufmann<\/p>\n\n\n\n<p>Video dokumentacija: Nathan Ishar<\/p>\n\n\n\n<p>Performans je nastao u produkciji Darka Radosavljeva, koproducent je tanzhaus nrw, a podr\u017eali su ga Fonds Darstellende K\u00fcnste, Kulturamt D\u00fcsseldorf, Tanzfabrik Berlin, Tanz Platz Festival Novi Sad<\/p>\n\n\n\n<p><\/p>\n\n\n\n<p><\/p>\n\n\n\n<p class=\"has-text-align-center\"><strong>Ponedeljak, 16. septembar, 10h<\/strong><\/p>\n\n\n\n<p class=\"has-text-align-center\"><strong>Plesna radionica sa Darkom Radosavljevim, Baletska \u0161kola u Novom Sadu<\/strong><strong><\/strong><\/p>\n\n\n\n<p><strong>*namenjena u\u010denicama i u\u010denicima Baletske \u0161kole<\/strong><strong><\/strong><\/p>\n\n\n\n<figure class=\"wp-block-image aligncenter size-large is-resized\"><img loading=\"lazy\" decoding=\"async\" width=\"1024\" height=\"642\" src=\"https:\/\/skcns.org\/wp-content\/uploads\/2024\/08\/radionica-darko-1024x642.jpeg\" alt=\"\" class=\"wp-image-5709\" style=\"width:702px;height:auto\" srcset=\"https:\/\/skcns.org\/wp-content\/uploads\/2024\/08\/radionica-darko-1024x642.jpeg 1024w, https:\/\/skcns.org\/wp-content\/uploads\/2024\/08\/radionica-darko-600x376.jpeg 600w, https:\/\/skcns.org\/wp-content\/uploads\/2024\/08\/radionica-darko-768x482.jpeg 768w, https:\/\/skcns.org\/wp-content\/uploads\/2024\/08\/radionica-darko-18x12.jpeg 18w, https:\/\/skcns.org\/wp-content\/uploads\/2024\/08\/radionica-darko.jpeg 1280w\" sizes=\"(max-width: 1024px) 100vw, 1024px\" \/><\/figure>\n\n\n\n<p><br>Darko Radosavljev tokom ove radionice podsti\u010de u\u010desnike i u\u010desnice da tragaju za svojom li\u010dnom rado\u0161\u0107u u kretanju te da je istra\u017euju. Na osnovu svog iskustva u nema\u010dkom modernom plesu i tehnikama savremenog plesa, kao \u0161to su tehnika osloba\u0111anja i improvizacije, on koristi impuls u\u010desnika i individualni stil kretanja kao polaznu ta\u010dku za svoj \u010das. Zagrevanje koje se sastoji od lakih sekvenci i istra\u017eivanja prostora, otvara \u010dula svakog u\u010desnika\/ce kako bi osetili svoje telo, i jedni druge u prostoru. Slede grupni zadaci i lake tehni\u010dke sekvence. Na kraju kombinuje rezultate improvizacionih zadataka sa frazom koju \u0107e u\u010desnici nau\u010diti tokom radionice. Za u\u010de\u0161\u0107e u radionici potrebno je osnovno znanje o plesu i, \u0161to je jo\u0161 va\u017enije, op\u0161ta radoznalost i otvorenost za istra\u017eivanje sopstvenog stila kretanja.<\/p>\n\n\n\n<p><\/p>\n\n\n\n<p><\/p>\n\n\n\n<p class=\"has-text-align-center\"><strong>Utorak, 17. septembar, 18h i 20h<\/strong><\/p>\n\n\n\n<p class=\"has-text-align-center\"><strong>\u201cPromi\u0161ljanje godina\u201d, Bogl\u00e1rka B\u00f6rcs\u00f6k i Andreas Bolm, Ma\u0111arska\/Nema\u010dka<\/strong><strong><\/strong><\/p>\n\n\n\n<p class=\"has-text-align-center\"><strong>Trajanje: 60 minuta<\/strong><strong><\/strong><\/p>\n\n\n\n<figure class=\"wp-block-image aligncenter size-large is-resized\"><img loading=\"lazy\" decoding=\"async\" width=\"1024\" height=\"683\" src=\"https:\/\/skcns.org\/wp-content\/uploads\/2024\/08\/\u00a9Michal-Ures-1024x683.jpg\" alt=\"\" class=\"wp-image-5710\" style=\"width:722px;height:auto\" title=\"Foto_Michal Ures\" srcset=\"https:\/\/skcns.org\/wp-content\/uploads\/2024\/08\/\u00a9Michal-Ures-1024x683.jpg 1024w, https:\/\/skcns.org\/wp-content\/uploads\/2024\/08\/\u00a9Michal-Ures-600x400.jpg 600w, https:\/\/skcns.org\/wp-content\/uploads\/2024\/08\/\u00a9Michal-Ures-768x512.jpg 768w, https:\/\/skcns.org\/wp-content\/uploads\/2024\/08\/\u00a9Michal-Ures-1536x1024.jpg 1536w, https:\/\/skcns.org\/wp-content\/uploads\/2024\/08\/\u00a9Michal-Ures-2048x1365.jpg 2048w, https:\/\/skcns.org\/wp-content\/uploads\/2024\/08\/\u00a9Michal-Ures-18x12.jpg 18w\" sizes=\"(max-width: 1024px) 100vw, 1024px\" \/><\/figure>\n\n\n\n<p><\/p>\n\n\n\n<p>\u201ePromi\u0161ljanje godina\u201c je performans-instalacija koja prikazuje tri starije plesa\u010dice iz Budimpe\u0161te, starosti izme\u0111u 90 i 101 godine. Rad se sastoji od dugotrajnog performansa i dvokanalne video instalacije koja se odvija istovremeno u odvojenim prostorima.<\/p>\n\n\n\n<p>Koreografkinja i izvo\u0111a\u010dica Bogl\u00e1rka B\u00f6rcs\u00f6k<strong> <\/strong>2015. godine je imala priliku da upozna nekoliko starijih plesa\u010dica u Budimpe\u0161ti. \u017dele\u0107i da radi sa nekima od njih i znaju\u0107i da \u0107e njihove godine predstavljati prepreku za njihov povratak na scenu, Bor\u010dok i re\u017eiser Andreas Bolm odlu\u010duju da naprave dokumentarac \u201eUmetnost pokreta\u201c. U njemu su prikazane Ir\u00e9n Preisich, \u00c9va E. Kov\u00e1cs i \u00c1gnes Roboz, koje su nekada u\u010destvovale u ranom razvoju modernog plesa u Ma\u0111arskoj. Tokom snimanja, uloga Bor\u010dokove se menjala, iz sagovornice je prelazila u ulogu studentkinje plesa, kako bi stimulisala tela starijih plesa\u010dica kao i njihova se\u0107anja.<\/p>\n\n\n\n<p>Fizi\u010dki anga\u017eman se nastavio tokom procesa monta\u017ee. B\u00f6rcs\u00f6k i Bolm su iznova i iznova gledali snimak kako bi prou\u010dili gestove, pokrete i li\u010dne pri\u010de Ir\u00e9n, \u00c9va i Agne\u0161. Tri dame su u\u0161le u Bor\u010dok kao duhovi i ona je po\u010dela da ih izvodi. Otelotvorenje Ir\u00e9n, \u00c9va i \u00c1gnes je kontinuirano delo transformacije i postajanja \u2013 Vrtoglavica. Telo koje stari ne sadr\u017ei samo jedno telo. Umesto toga, to su vi\u0161estruka tela na kojima su slojevi vremena i trule\u017ei, se\u0107anja i iskustava.<\/p>\n\n\n\n<p>U \u201ePromi\u0161ljanju godina\u201c B\u00f6rcs\u00f6k prepli\u0107e pri\u010de i se\u0107anja starijih plesa\u010dica sa njihovim svakodnevnim gestovima, polo\u017eajima i plesnim pokretima, prate\u0107i kako su tri \u017eene promenile svoje \u017eivote i praksu kretanja da bi pre\u017eivele dru\u0161tveno-politi\u010dke promene 20. veka. Sporost i krhka te\u017eina njihovih tela zahtevaju druga\u010dije ekonomisanje pa\u017enjom, daju\u0107i posetiocima prostor da ponovo razmisle i pregovaraju o svom odnosu prema starenju i smrti.<\/p>\n\n\n\n<p>U posebnoj prostoriji, dvokanalna video instalacija otkriva starije igra\u010dice u njihovim privatnim ku\u0107ama. Mir njihovih soba, ispunjenih li\u010dnim predmetima i uspomenama, postaje scenografska kulisa njihovih poslednjih nastupa na ekranu.<\/p>\n\n\n\n<p>Koncept, re\u017eija i produkcija: Bogl\u00e1rka B\u00f6rcs\u00f6k i Andreas Bolm<\/p>\n\n\n\n<p>Izvo\u0111a\u010dica: Bogl\u00e1rka B\u00f6rcs\u00f6k<\/p>\n\n\n\n<p>Svetlo i zvuk: Andreas Bolm<\/p>\n\n\n\n<p>Prevod na engleski jezik: David Robert Evans<\/p>\n\n\n\n<p>Monta\u017ea: Bogl\u00e1rka B\u00f6rcs\u00f6k i Andreas Bolm<\/p>\n\n\n\n<p>Kamera: Lisa Rave<\/p>\n\n\n\n<p>Uloge: Ir\u00e9n Preisich, \u00c9va E. Kov\u00e1cs i \u00c1gnes Roboz<\/p>\n\n\n\n<p>Menad\u017eer video produkcije: Elisa Calosi<\/p>\n\n\n\n<p>Video naru\u010dio: Montag Modus\/MMPraxis<\/p>\n\n\n\n<p>Video podr\u017eali: Tanzfonds Erbe \u2013 inicijativa Nema\u010dke federalne kulturne fondacije, La Mus\u00e9e de la Danse, Rennes, Senatsverwaltung f\u00fcr Kultur und Europa, Berlin<\/p>\n\n\n\n<p>Produkcija performansa: Die Irritierte Stadt Festival of Arts \u2013 projekat Akademie Schloss Solitude, Theater Rampe, Freie Tanz und Theaterszene, Musik der Jahrhunderte, Produkcionszentrum Tanz + Performance<\/p>\n\n\n\n<p>Performans su podr\u017eali: Montag Modus\/MMPraxis, PACT Zollverein: Atelier No.63 &#8211; Platform Experimental Platform for the Arts, Hellerau \u2013 Europ\u00e4isches Zentrum der K\u00fcnste &#8211; Residency Program.<\/p>\n\n\n\n<p>Deo performansa nastao je u sklopu izlo\u017ebe performansa \u201e20 plesa\u010da za 20. vek by Boris Charmatz\/Terrain\u201c u MACBA&nbsp; u Barseloni 2018. i Z\u00fcrcher Theater Spektakel Festival 2019. godine<\/p>\n\n\n\n<p>Uvodni govor u performansu je nastao na osnovu razmi\u0161ljanja \u017daka Deride o duhovima u filmu Kena Mekmulena \u201ePles duhova\u201c (1983).<\/p>\n\n\n\n<p><\/p>\n\n\n\n<p><\/p>\n\n\n\n<p class=\"has-text-align-center\"><strong>Sreda, 18. septembar, 20h<\/strong><\/p>\n\n\n\n<p class=\"has-text-align-center\"><strong>\u201cBiti zaposednut\u201d, Chara Kotsali, Gr\u010dka<\/strong><strong><\/strong><\/p>\n\n\n\n<p class=\"has-text-align-center\"><strong>Trajanje: 45 minuta<\/strong><strong><\/strong><\/p>\n\n\n\n<figure class=\"wp-block-image aligncenter size-large is-resized\"><img loading=\"lazy\" decoding=\"async\" width=\"1024\" height=\"683\" src=\"https:\/\/skcns.org\/wp-content\/uploads\/2024\/08\/O.D.D.2023_Chara_Kotsali_Pinelopi_Gerasimou_for_Onassis_Stegi_High-18-1024x683.jpg\" alt=\"\" class=\"wp-image-5711\" style=\"width:717px;height:auto\" title=\"Foto_Pinelopi_Gerasimou\" srcset=\"https:\/\/skcns.org\/wp-content\/uploads\/2024\/08\/O.D.D.2023_Chara_Kotsali_Pinelopi_Gerasimou_for_Onassis_Stegi_High-18-1024x683.jpg 1024w, https:\/\/skcns.org\/wp-content\/uploads\/2024\/08\/O.D.D.2023_Chara_Kotsali_Pinelopi_Gerasimou_for_Onassis_Stegi_High-18-600x400.jpg 600w, https:\/\/skcns.org\/wp-content\/uploads\/2024\/08\/O.D.D.2023_Chara_Kotsali_Pinelopi_Gerasimou_for_Onassis_Stegi_High-18-768x512.jpg 768w, https:\/\/skcns.org\/wp-content\/uploads\/2024\/08\/O.D.D.2023_Chara_Kotsali_Pinelopi_Gerasimou_for_Onassis_Stegi_High-18-1536x1024.jpg 1536w, https:\/\/skcns.org\/wp-content\/uploads\/2024\/08\/O.D.D.2023_Chara_Kotsali_Pinelopi_Gerasimou_for_Onassis_Stegi_High-18-2048x1365.jpg 2048w, https:\/\/skcns.org\/wp-content\/uploads\/2024\/08\/O.D.D.2023_Chara_Kotsali_Pinelopi_Gerasimou_for_Onassis_Stegi_High-18-18x12.jpg 18w\" sizes=\"(max-width: 1024px) 100vw, 1024px\" \/><\/figure>\n\n\n\n<p><\/p>\n\n\n\n<p>\u201eBiti zaposednut\u201c je fizi\u010dki i zvu\u010dni solo performans koji prikazuje materijalne i zvu\u010dne aspekte heteronomne uradi sam arhive \u201ezaposednutih\u201c \u017eena. Plesa\u010dica i koreografkinja koja je tako\u0111e studirala pozori\u0161te, antropologiju i muziku, Chara Kotsali \u017eeli da tuma\u010di stanje zaposednutosti kroz pro\u0161ireni pogled. Ona priziva duhove koji opsedaju na\u0161 jezik, na\u0161e svete spise, na\u0161e znanje, na\u0161e umove i sam materijalni svet.<\/p>\n\n\n\n<p>Posredstvom disartikulisanog insceniranog rituala, izvo\u0111a\u010dica i koreografkinja upu\u0161ta se u isprobavanje stanja posedovanja, poku\u0161avaju\u0107i da o\u017eivi svaku od dokumentarnih instanci sa kojima se susre\u0107e, i pozivaju\u0107i ih da otkriju svoju potresnu i subverzivnu prirodu.<\/p>\n\n\n\n<p>Kako ona sama prime\u0107uje, \u201egenealogija opsednutih tela govori nam o nemogu\u0107nosti apsolutne samo\u0107e i otkriva da su diskurs i pisanje, delo i savest, nematerijalni i materijalni svet proganjani glasovima koji su prethodili i glasovima koji tek treba da se rode\u201c.<\/p>\n\n\n\n<p>Performans je premijerno izveden u martu 2023. na festivalu savremenog plesa \u201eOnassis Dance Days\u201c i od tada je na turneji po Evropi. Izabran je kao jedno od dela u selekciji mre\u017ee Aerowaves Twenty24, i u\u0161ao je u izbor mladih koreografa Impulstanz Festivala&nbsp; \u201e8: tension\u201c za 2023.<\/p>\n\n\n\n<p>Izvo\u0111enje perfomansa \u201cBiti zaposednut\u201d podr\u017eano je od strane Fondacije Onassis-Stegi kroz program \u201cOutward Turn\u201d.<\/p>\n\n\n\n<p>Koncept, koreografija, izvo\u0111enje: Chara Kotsali<\/p>\n\n\n\n<p>Dramatur\u0161kinja: Dimitra Mitropoulou<\/p>\n\n\n\n<p>Umetni\u010dki savetnik: Periklis Pravitas<\/p>\n\n\n\n<p>Dizajn muzike i zvuka: Jeph Vanger<\/p>\n\n\n\n<p>Originalna muzika \u201cFuriosa\u201d &#8211; lip sync transkripcija i harmonizacija: Dimitra Trypani<\/p>\n\n\n\n<p>Dizajn svetla: Eliza Alexandropulou<\/p>\n\n\n\n<p>Produkcija: Delta Pi<\/p>\n\n\n\n<p>Naru\u010dilac i produkcija: Fondacija Onassis-Stegi<\/p>\n\n\n\n<p>Tehni\u010dki menad\u017eer turneje: Stavros Kariotoglou (Onassis-Stegi)<\/p>\n\n\n\n<p>Koordinatorka turneje: Christina Liata (Onassis-Stegi)<\/p>\n\n\n\n<p><\/p>\n\n\n\n<p><\/p>\n\n\n\n<p class=\"has-text-align-center\"><strong>\u010cetvrtak, 19. septembar, 20h<\/strong><\/p>\n\n\n\n<p class=\"has-text-align-center\"><strong>&nbsp;420PEOPLE: &#8220;WHY THINGS GO WRONG&#8221;, Sylva \u0160afkov\u00e1, \u010ce\u0161ka <\/strong><\/p>\n\n\n\n<p class=\"has-text-align-center\"><strong>Trajanje: 50 minuta<\/strong><strong><\/strong><\/p>\n\n\n\n<figure class=\"wp-block-image aligncenter size-large is-resized\"><img loading=\"lazy\" decoding=\"async\" width=\"1024\" height=\"576\" src=\"https:\/\/skcns.org\/wp-content\/uploads\/2024\/08\/WHY-THINGS-GO-WRONG-pictures-for-the-announcement-1-1024x576.jpg\" alt=\"\" class=\"wp-image-5712\" style=\"width:726px;height:auto\" title=\"Foto_Vojt\u011bch Brtnick\u00fd\" srcset=\"https:\/\/skcns.org\/wp-content\/uploads\/2024\/08\/WHY-THINGS-GO-WRONG-pictures-for-the-announcement-1-1024x576.jpg 1024w, https:\/\/skcns.org\/wp-content\/uploads\/2024\/08\/WHY-THINGS-GO-WRONG-pictures-for-the-announcement-1-600x337.jpg 600w, https:\/\/skcns.org\/wp-content\/uploads\/2024\/08\/WHY-THINGS-GO-WRONG-pictures-for-the-announcement-1-768x432.jpg 768w, https:\/\/skcns.org\/wp-content\/uploads\/2024\/08\/WHY-THINGS-GO-WRONG-pictures-for-the-announcement-1-1536x864.jpg 1536w, https:\/\/skcns.org\/wp-content\/uploads\/2024\/08\/WHY-THINGS-GO-WRONG-pictures-for-the-announcement-1-18x10.jpg 18w, https:\/\/skcns.org\/wp-content\/uploads\/2024\/08\/WHY-THINGS-GO-WRONG-pictures-for-the-announcement-1.jpg 1800w\" sizes=\"(max-width: 1024px) 100vw, 1024px\" \/><\/figure>\n\n\n\n<p><\/p>\n\n\n\n<p>Premijera predstave \u201eZa\u0161to stvari krenu po zlu\u201c, u produkciji 420PEOPLE, za koju je koreografiju radila Sylva \u0160afkov\u00e1, u izvo\u0111enju plesa\u010da Simone Machovi\u010dove i\u00a0Michala Heribana, kreirana je ekskluzivno za Studio Maiselovka.<\/p>\n\n\n\n<p>Kroz savremeni ples pokre\u0107e jedinstvenu temu (ne)moralne, eti\u010dki diskutabilne prirode ljudskog pona\u0161anja, koja, iako se \u010desto zanemaruje, ozbiljno uti\u010de na \u017eivote svih oko nas.<\/p>\n\n\n\n<p>Verovatno je svako iskusio situaciju u kojoj je sve i\u0161lo kako treba dok nije krenulo naopako. Ponekad su u pitanju samo nesre\u0107ne okolnosti me\u0111utim, te\u0161ko je ovladati snagom slu\u010daja, tako da moramo da \u017eivimo sa tim.<\/p>\n\n\n\n<p>Nekada je u pitanju rezultat lo\u0161e odluke. Uvek mo\u017eemo poku\u0161ati da budemo pametniji, oprezniji ili pa\u017eljiviji, ali svi mo\u017eemo samo toliko. \u0160to nas dovodi do tre\u0107eg razloga za\u0161to stvari krenu naopako. To je uvek neki seronja. Seronje su naj\u010de\u0161\u0107i razlog za\u0161to stvari krenu po zlu u na\u0161em dru\u0161tvu. Pridru\u017eite se plesa\u010dima Simoni Machovi\u010dovoj i\u00a0Michalu Heribanu ovom duetu o bezobraznim, samodopadnim, bezobzirnim, \u0161efovski nastrojenim, predsedni\u010dkim, megalomanskim, da, svim varijantama koje vam \u017eivot mo\u017ee staviti na put. Performans je inspirisan knjigom Arona D\u017eejmsa \u201eSeronje: teorija\u201c.<\/p>\n\n\n\n<p>\u201eSmatramo osobu \u2019seronjom\u2018 ako sistematski tvrdi da ima koristi od privilegija u me\u0111uljudskim odnosima, na osnovu ukorenjenog ose\u0107aja da ima pravo, koje je \u010dini imunim na pritu\u017ebe drugih ljudi.\u201c<\/p>\n\n\n\n<p>Komad je nastao u produkciji 420PEOPLE, uz finansijsku podr\u0161ku Ministarstva kulture \u010ce\u0161ke Republike, Grada Praga, Praga 1 i V\u00e1clava Dej\u010dmara.<\/p>\n\n\n\n<p>Koreografija: Sylva \u0160afkov\u00e1<\/p>\n\n\n\n<p>Dramatrurg: Ji\u0159\u00ed \u0160afka<\/p>\n\n\n\n<p>Igraju: Michal Heriban, Viktor Konvalinka<\/p>\n\n\n\n<p>Muzika: Nummer 2 \u2013 Mueller Anne;<\/p>\n\n\n\n<p>Ksycha \u2013 Kohlstedt Martin, Meyer Gregor Johannes<\/p>\n\n\n\n<p>Voiceover: Guest of 420PEOPLE<\/p>\n\n\n\n<p>Monta\u017ea zvuka: Golden Hive Studio i Amak Golden<\/p>\n\n\n\n<p>Scenografija, kostimi: Ji\u0159\u00ed \u0160afka, Sylva \u0160afkov\u00e1<\/p>\n\n\n\n<p>Dizajn svetla: Martin \u0160petl\u00edk<\/p>\n\n\n\n<p><\/p>\n\n\n\n<p class=\"has-text-align-center\"><strong>Petak, 20. septembar, 20h<\/strong><\/p>\n\n\n\n<p class=\"has-text-align-center\">\u201c<strong>Gladni\u201d, Agnieszka Jachym, Poljska<\/strong><strong><\/strong><\/p>\n\n\n\n<p class=\"has-text-align-center\"><strong>Trajanje: 70 minuta<\/strong><strong><\/strong><\/p>\n\n\n\n<p>*<strong>Predstava je namenjena za starije od 16 godina<\/strong><\/p>\n\n\n\n<figure class=\"wp-block-image aligncenter size-large is-resized\"><img loading=\"lazy\" decoding=\"async\" width=\"1024\" height=\"683\" src=\"https:\/\/skcns.org\/wp-content\/uploads\/2024\/08\/GLODNi_Nikolay-Raychev_25-1024x683.jpg\" alt=\"\" class=\"wp-image-5713\" style=\"width:727px;height:auto\" title=\"Foto_Nikolay Raychev\" srcset=\"https:\/\/skcns.org\/wp-content\/uploads\/2024\/08\/GLODNi_Nikolay-Raychev_25-1024x683.jpg 1024w, https:\/\/skcns.org\/wp-content\/uploads\/2024\/08\/GLODNi_Nikolay-Raychev_25-600x400.jpg 600w, https:\/\/skcns.org\/wp-content\/uploads\/2024\/08\/GLODNi_Nikolay-Raychev_25-768x512.jpg 768w, https:\/\/skcns.org\/wp-content\/uploads\/2024\/08\/GLODNi_Nikolay-Raychev_25-1536x1024.jpg 1536w, https:\/\/skcns.org\/wp-content\/uploads\/2024\/08\/GLODNi_Nikolay-Raychev_25-2048x1365.jpg 2048w, https:\/\/skcns.org\/wp-content\/uploads\/2024\/08\/GLODNi_Nikolay-Raychev_25-18x12.jpg 18w\" sizes=\"(max-width: 1024px) 100vw, 1024px\" \/><\/figure>\n\n\n\n<p><\/p>\n\n\n\n<p>\u201eJedan od osnovnih trikova je da se govori, ako nema drugog na\u010dina, o gladi kao ne\u010demu bezli\u010dnom, gotovo apstraktnom, kao fenomenu za sebe. Glad, borba protiv gladi. Suprotstavljanje gladi.&nbsp; Ali glad ne postoji odvojeno od ljudi koji je trpe. Problem nije glad, problem su ljudi koji gladuju.\u201d \u2013 Martin Caparr\u00f3s \u201eGlad\u201c<\/p>\n\n\n\n<p>\u201eGladni\u201d je pre svega reporta\u017ea o \u010doveku \u2013 o nama samima. To je razgovor o \u017eivotu i odlukama koje donosimo svaki dan ili o onima na koje nemamo uticaj.<\/p>\n\n\n\n<p>De\u0161ava se da ovi izbori \u010dine da na\u0161 svakodnevni \u017eivotni ritam zavisi od \u010dekanja u redu za toplu hranu da nas \u010dine besku\u0107nicima, isklju\u010denima iz dru\u0161tva.<\/p>\n\n\n\n<p>Martin Caparr\u00f3s u svojoj knjizi \u201eGlad\u201c isti\u010de da je \u201ebudu\u0107nost luksuz dostupan onima koji se hrane.\u201d<\/p>\n\n\n\n<p>Predstava je tako\u0111e neka vrsta pogleda u ogledalo. Da li stavovi koje usvajamo kao dru\u0161tvo, tako\u0111e u globalnom kontekstu, podr\u017eavaju jednaku raspodelu sredstava za \u017eivot? Koliko nam je lako da bacimo ostatke iz tanjira ili da se re\u0161imo proizvoda kojima je istekao rok trajanja?<\/p>\n\n\n\n<p>Re\u017eija i koreografija: Agnieszka Jachym<\/p>\n\n\n\n<p>Igraju: Pawe\u0142 Koz\u0142owski, Marta Mietelska-Top\u00f3r, Sabina Pyka i Damian Rusyn<\/p>\n\n\n\n<p>Muzika: Johann Sebastian Bach, Joep Bewing, Aranzazu Calleja, Melchior Franck, Miko\u0142aj Gom\u00f3\u0142ka, Harmonia&amp;Eno\u201976, Felix Mendelssohn, Pete Namlook, PD Zapata, Raw ASMR Factory<\/p>\n\n\n\n<p>Video: Leszek G\u00f3rka<\/p>\n\n\n\n<p>Integralni deo performansa je dokumentarac, koji je titlovan na engleski jezik.<\/p>\n\n\n\n<p>Partner projekta: Fondacija Crush On Trash<\/p>\n\n\n\n<p>Suorganizator: National Institute of Music and Dance kao deo \u201cPolandDances\/Tourn\u00e9e\u201d<\/p>\n\n\n\n<p>Performans je kofinansiran od strane Ministarstva kulture i nacionalnog nasle\u0111a.<\/p>","protected":false},"excerpt":{"rendered":"<p>Me\u0111unarodni festival savremenog plesa Tanz Platz odr\u017eava se od 14. do 20. septembra 2024. godine, u SKCNS-u, koji se nalazi u Ulici Vladimira Peri\u0107a Valtera 5. Ovo je osmo izdanje [&hellip;]<\/p>\n","protected":false},"author":6,"featured_media":5705,"comment_status":"open","ping_status":"open","sticky":false,"template":"","format":"standard","meta":{"site-sidebar-layout":"default","site-content-layout":"","ast-site-content-layout":"default","site-content-style":"default","site-sidebar-style":"default","ast-global-header-display":"","ast-banner-title-visibility":"","ast-main-header-display":"","ast-hfb-above-header-display":"","ast-hfb-below-header-display":"","ast-hfb-mobile-header-display":"","site-post-title":"","ast-breadcrumbs-content":"","ast-featured-img":"disabled","footer-sml-layout":"","ast-disable-related-posts":"","theme-transparent-header-meta":"","adv-header-id-meta":"","stick-header-meta":"","header-above-stick-meta":"","header-main-stick-meta":"","header-below-stick-meta":"","astra-migrate-meta-layouts":"set","ast-page-background-enabled":"default","ast-page-background-meta":{"desktop":{"background-color":"","background-image":"","background-repeat":"repeat","background-position":"center center","background-size":"auto","background-attachment":"scroll","background-type":"","background-media":"","overlay-type":"","overlay-color":"","overlay-opacity":"","overlay-gradient":""},"tablet":{"background-color":"","background-image":"","background-repeat":"repeat","background-position":"center center","background-size":"auto","background-attachment":"scroll","background-type":"","background-media":"","overlay-type":"","overlay-color":"","overlay-opacity":"","overlay-gradient":""},"mobile":{"background-color":"","background-image":"","background-repeat":"repeat","background-position":"center center","background-size":"auto","background-attachment":"scroll","background-type":"","background-media":"","overlay-type":"","overlay-color":"","overlay-opacity":"","overlay-gradient":""}},"ast-content-background-meta":{"desktop":{"background-color":"var(--ast-global-color-5)","background-image":"","background-repeat":"repeat","background-position":"center center","background-size":"auto","background-attachment":"scroll","background-type":"","background-media":"","overlay-type":"","overlay-color":"","overlay-opacity":"","overlay-gradient":""},"tablet":{"background-color":"var(--ast-global-color-5)","background-image":"","background-repeat":"repeat","background-position":"center center","background-size":"auto","background-attachment":"scroll","background-type":"","background-media":"","overlay-type":"","overlay-color":"","overlay-opacity":"","overlay-gradient":""},"mobile":{"background-color":"var(--ast-global-color-5)","background-image":"","background-repeat":"repeat","background-position":"center center","background-size":"auto","background-attachment":"scroll","background-type":"","background-media":"","overlay-type":"","overlay-color":"","overlay-opacity":"","overlay-gradient":""}},"footnotes":""},"categories":[25,7,4],"tags":[150,56,149,132,128,148],"class_list":["post-5704","post","type-post","status-publish","format-standard","has-post-thumbnail","hentry","category-festivali","category-medjunarodna-saradnja","category-vesti","tag-festival","tag-kreativna-evropa","tag-ples","tag-savremeni-ples","tag-skcns","tag-tanz-platz"],"_links":{"self":[{"href":"https:\/\/skcns.org\/sr_cyr\/wp-json\/wp\/v2\/posts\/5704","targetHints":{"allow":["GET"]}}],"collection":[{"href":"https:\/\/skcns.org\/sr_cyr\/wp-json\/wp\/v2\/posts"}],"about":[{"href":"https:\/\/skcns.org\/sr_cyr\/wp-json\/wp\/v2\/types\/post"}],"author":[{"embeddable":true,"href":"https:\/\/skcns.org\/sr_cyr\/wp-json\/wp\/v2\/users\/6"}],"replies":[{"embeddable":true,"href":"https:\/\/skcns.org\/sr_cyr\/wp-json\/wp\/v2\/comments?post=5704"}],"version-history":[{"count":4,"href":"https:\/\/skcns.org\/sr_cyr\/wp-json\/wp\/v2\/posts\/5704\/revisions"}],"predecessor-version":[{"id":5769,"href":"https:\/\/skcns.org\/sr_cyr\/wp-json\/wp\/v2\/posts\/5704\/revisions\/5769"}],"wp:featuredmedia":[{"embeddable":true,"href":"https:\/\/skcns.org\/sr_cyr\/wp-json\/wp\/v2\/media\/5705"}],"wp:attachment":[{"href":"https:\/\/skcns.org\/sr_cyr\/wp-json\/wp\/v2\/media?parent=5704"}],"wp:term":[{"taxonomy":"category","embeddable":true,"href":"https:\/\/skcns.org\/sr_cyr\/wp-json\/wp\/v2\/categories?post=5704"},{"taxonomy":"post_tag","embeddable":true,"href":"https:\/\/skcns.org\/sr_cyr\/wp-json\/wp\/v2\/tags?post=5704"}],"curies":[{"name":"wp","href":"https:\/\/api.w.org\/{rel}","templated":true}]}}