{"id":5775,"date":"2024-09-19T08:55:39","date_gmt":"2024-09-19T08:55:39","guid":{"rendered":"https:\/\/skcns.org\/?p=5775"},"modified":"2024-09-19T08:55:41","modified_gmt":"2024-09-19T08:55:41","slug":"izabrano-top-10-umetnika-i-kolektiva-savremenog-plesa-za-prvi-moving-balkans-contemporary-dance-showcase-festival","status":"publish","type":"post","link":"https:\/\/skcns.org\/sr_cyr\/izabrano-top-10-umetnika-i-kolektiva-savremenog-plesa-za-prvi-moving-balkans-contemporary-dance-showcase-festival\/","title":{"rendered":"Izabrano top 10 umetnika i kolektiva savremenog plesa za prvi Moving Balkans Contemporary Dance Showcase festival"},"content":{"rendered":"\n<figure class=\"wp-block-image aligncenter size-full\"><img fetchpriority=\"high\" decoding=\"async\" width=\"1024\" height=\"768\" src=\"https:\/\/skcns.org\/wp-content\/uploads\/2024\/09\/Selection-Process_Athens.jpeg\" alt=\"\" class=\"wp-image-5776\" srcset=\"https:\/\/skcns.org\/wp-content\/uploads\/2024\/09\/Selection-Process_Athens.jpeg 1024w, https:\/\/skcns.org\/wp-content\/uploads\/2024\/09\/Selection-Process_Athens-600x450.jpeg 600w, https:\/\/skcns.org\/wp-content\/uploads\/2024\/09\/Selection-Process_Athens-768x576.jpeg 768w, https:\/\/skcns.org\/wp-content\/uploads\/2024\/09\/Selection-Process_Athens-16x12.jpeg 16w\" sizes=\"(max-width: 1024px) 100vw, 1024px\" \/><\/figure>\n\n\n\n<p><\/p>\n\n\n\n<p>Platforma za savremeni ples <a href=\"https:\/\/www.facebook.com\/movingbalkans?__cft__[0]=AZUlLDx4UaPYi7y10qhncKXBzg22cCgPxwYrZa4AkI06b5mSBl9djZEntZxDxJw22aa9zKB_2-I_l13fkLR18Vff480tXVqDKcfGWDGInAQvWmenI9z-PN3dHKtK42BjV5OO9zQSoMbg-XNS_0PYua_XKsYNFRb6MkGwFDv8WYCGa8KT97IKbKE5lZlTgzJ3ySOA04fd_w7ZUj5t5mHykNmpu7FsWgyZ0hUffWjD97J0Gw&amp;__tn__=-]K-R\">Moving Balkans<\/a> objavila je izbor Top 10 savremenih plesnih umetnika i kolektiva \u010diji \u0107e radovi biti predstavljeni na prvom Moving Balkans Contemporary Dance Showcase festivalu koji \u0107e se odr\u017eati od 10. do 13. maja 2025. u Ljubljani, Zagrebu i Rijeci.<\/p>\n\n\n\n<p>U velikoj konkurenciji od skoro 180 prijava, umetni\u010dki odbor Moving Balkansa i dva me\u0111unarodna plesna stru\u010dnjaka izabrali su na sastanku u Atini 10 umetnika \u010diji radovi odra\u017eavaju raznolikost, <a><\/a>kreativnost i inovativnost koje defini\u0161u savremenu plesnu scenu na Balkanu.<\/p>\n\n\n\n<p>Odabrani umetnici\/kolektivi: Patricia Apergi: The House of Trouble (Gr\u010dka), <span style=\"background-color: var(--ast-global-color-5); color: var(--ast-global-color-3); font-size: 1rem;\">Filiz Bozku\u015f Al: GONG (Turska)<\/span>, Sa\u0161a Bo\u017ei\u0107: AGENDA (Hrvatska), Emese Cuhorka &amp; Csaba Moln\u00e1r: Masterwork for Six Dancers (Slovenija), Simona Deaconescu &amp; Vanessa Goodman: BLOT &#8211; Body Line of Thought (Rumunija), Stanislav Genadiev: Saline Nebula (Bugarska), Linda Kapetanea &amp; Jozef Fru\u010dek: Silence (Gr\u010dka), Christiana Kosiari: RUNWAY (Gr\u010dka), Barbara Matijevi\u0107 &amp; Giuseppe Chico: Screenagers Vol.2 (Hrvatska) i Marko Mili\u0107: DILF (Srbija).<\/p>\n\n\n\n<p>Moving Balkans Contemporary Dance Showcase bi\u0107e jedinstvena prilika da ovi umetnici svoje radove predstave me\u0111unarodnoj publici plesnih profesionalaca, umetni\u010dkih organizacija i javnosti, a sve to kako bi se stvorila umetni\u010dka mre\u017ea koja podsti\u010de dijalog, razmenu i budu\u0107e saradnje kako na Balkanu tako i \u0161ire.<\/p>\n\n\n\n<p>Platforma za savremeni ples Moving Balkans pokrenuta je po\u010detkom 2024. i sufinansira je Evropska unija kroz program Kreativna Evropa, a SKCNS je jedan od dva vode\u0107a partnera u ovom projektu koji pokriva ogromno geografsko podru\u010dje Balkana.<\/p>\n\n\n\n<p>Detaljnije o projektu pro\u010ditajte na <a href=\"https:\/\/www.movingbalkans.eu\/?fbclid=IwZXh0bgNhZW0CMTAAAR1HwFEpDmD16lgGo73AJrGvlrlavkUX8XLmkU9f9wD3dR3Ei3BemPshP3k_aem_0BLFvmAvMMWQtxp5QkDpTg\" rel=\"noreferrer noopener\" target=\"_blank\">https:\/\/www.movingbalkans.eu\/<\/a>.<\/p>\n","protected":false},"excerpt":{"rendered":"<p>Platforma za savremeni ples Moving Balkans objavila je izbor Top 10 savremenih plesnih umetnika i kolektiva \u010diji \u0107e radovi biti predstavljeni na prvom Moving Balkans Contemporary Dance Showcase festivalu koji [&hellip;]<\/p>\n","protected":false},"author":6,"featured_media":5776,"comment_status":"open","ping_status":"open","sticky":false,"template":"","format":"standard","meta":{"site-sidebar-layout":"default","site-content-layout":"","ast-site-content-layout":"default","site-content-style":"default","site-sidebar-style":"default","ast-global-header-display":"","ast-banner-title-visibility":"","ast-main-header-display":"","ast-hfb-above-header-display":"","ast-hfb-below-header-display":"","ast-hfb-mobile-header-display":"","site-post-title":"","ast-breadcrumbs-content":"","ast-featured-img":"disabled","footer-sml-layout":"","ast-disable-related-posts":"","theme-transparent-header-meta":"","adv-header-id-meta":"","stick-header-meta":"","header-above-stick-meta":"","header-main-stick-meta":"","header-below-stick-meta":"","astra-migrate-meta-layouts":"set","ast-page-background-enabled":"default","ast-page-background-meta":{"desktop":{"background-color":"","background-image":"","background-repeat":"repeat","background-position":"center center","background-size":"auto","background-attachment":"scroll","background-type":"","background-media":"","overlay-type":"","overlay-color":"","overlay-opacity":"","overlay-gradient":""},"tablet":{"background-color":"","background-image":"","background-repeat":"repeat","background-position":"center center","background-size":"auto","background-attachment":"scroll","background-type":"","background-media":"","overlay-type":"","overlay-color":"","overlay-opacity":"","overlay-gradient":""},"mobile":{"background-color":"","background-image":"","background-repeat":"repeat","background-position":"center center","background-size":"auto","background-attachment":"scroll","background-type":"","background-media":"","overlay-type":"","overlay-color":"","overlay-opacity":"","overlay-gradient":""}},"ast-content-background-meta":{"desktop":{"background-color":"var(--ast-global-color-5)","background-image":"","background-repeat":"repeat","background-position":"center center","background-size":"auto","background-attachment":"scroll","background-type":"","background-media":"","overlay-type":"","overlay-color":"","overlay-opacity":"","overlay-gradient":""},"tablet":{"background-color":"var(--ast-global-color-5)","background-image":"","background-repeat":"repeat","background-position":"center center","background-size":"auto","background-attachment":"scroll","background-type":"","background-media":"","overlay-type":"","overlay-color":"","overlay-opacity":"","overlay-gradient":""},"mobile":{"background-color":"var(--ast-global-color-5)","background-image":"","background-repeat":"repeat","background-position":"center center","background-size":"auto","background-attachment":"scroll","background-type":"","background-media":"","overlay-type":"","overlay-color":"","overlay-opacity":"","overlay-gradient":""}},"footnotes":""},"categories":[25,7,23,4],"tags":[57,56,147,128],"class_list":["post-5775","post","type-post","status-publish","format-standard","has-post-thumbnail","hentry","category-festivali","category-medjunarodna-saradnja","category-pozorisni","category-vesti","tag-evropska-unija","tag-kreativna-evropa","tag-moving-balkans","tag-skcns"],"_links":{"self":[{"href":"https:\/\/skcns.org\/sr_cyr\/wp-json\/wp\/v2\/posts\/5775","targetHints":{"allow":["GET"]}}],"collection":[{"href":"https:\/\/skcns.org\/sr_cyr\/wp-json\/wp\/v2\/posts"}],"about":[{"href":"https:\/\/skcns.org\/sr_cyr\/wp-json\/wp\/v2\/types\/post"}],"author":[{"embeddable":true,"href":"https:\/\/skcns.org\/sr_cyr\/wp-json\/wp\/v2\/users\/6"}],"replies":[{"embeddable":true,"href":"https:\/\/skcns.org\/sr_cyr\/wp-json\/wp\/v2\/comments?post=5775"}],"version-history":[{"count":1,"href":"https:\/\/skcns.org\/sr_cyr\/wp-json\/wp\/v2\/posts\/5775\/revisions"}],"predecessor-version":[{"id":5777,"href":"https:\/\/skcns.org\/sr_cyr\/wp-json\/wp\/v2\/posts\/5775\/revisions\/5777"}],"wp:featuredmedia":[{"embeddable":true,"href":"https:\/\/skcns.org\/sr_cyr\/wp-json\/wp\/v2\/media\/5776"}],"wp:attachment":[{"href":"https:\/\/skcns.org\/sr_cyr\/wp-json\/wp\/v2\/media?parent=5775"}],"wp:term":[{"taxonomy":"category","embeddable":true,"href":"https:\/\/skcns.org\/sr_cyr\/wp-json\/wp\/v2\/categories?post=5775"},{"taxonomy":"post_tag","embeddable":true,"href":"https:\/\/skcns.org\/sr_cyr\/wp-json\/wp\/v2\/tags?post=5775"}],"curies":[{"name":"wp","href":"https:\/\/api.w.org\/{rel}","templated":true}]}}