{"id":5779,"date":"2024-09-23T10:10:24","date_gmt":"2024-09-23T10:10:24","guid":{"rendered":"https:\/\/skcns.org\/?p=5779"},"modified":"2024-09-23T10:31:07","modified_gmt":"2024-09-23T10:31:07","slug":"promocija-knjizevnog-i-umetnickog-stvaralastva-andreje-kargacin-30-septembra-u-klubu-skcns-a","status":"publish","type":"post","link":"https:\/\/skcns.org\/sr_cyr\/promocija-knjizevnog-i-umetnickog-stvaralastva-andreje-kargacin-30-septembra-u-klubu-skcns-a\/","title":{"rendered":"Promocija umetni\u010dkog stvarala\u0161tva Andreje Karga\u010din 30. septembra u Klubu SKCNS-a"},"content":{"rendered":"<figure class=\"wp-block-image size-large\"><img fetchpriority=\"high\" decoding=\"async\" width=\"1024\" height=\"576\" src=\"https:\/\/skcns.org\/wp-content\/uploads\/2024\/09\/najava-\u0410\u041d\u0414\u0420\u0415\u0408\u0410-1-1024x576.jpg\" alt=\"\" class=\"wp-image-5780\" srcset=\"https:\/\/skcns.org\/wp-content\/uploads\/2024\/09\/najava-\u0410\u041d\u0414\u0420\u0415\u0408\u0410-1-1024x576.jpg 1024w, https:\/\/skcns.org\/wp-content\/uploads\/2024\/09\/najava-\u0410\u041d\u0414\u0420\u0415\u0408\u0410-1-600x337.jpg 600w, https:\/\/skcns.org\/wp-content\/uploads\/2024\/09\/najava-\u0410\u041d\u0414\u0420\u0415\u0408\u0410-1-768x432.jpg 768w, https:\/\/skcns.org\/wp-content\/uploads\/2024\/09\/najava-\u0410\u041d\u0414\u0420\u0415\u0408\u0410-1-1536x864.jpg 1536w, https:\/\/skcns.org\/wp-content\/uploads\/2024\/09\/najava-\u0410\u041d\u0414\u0420\u0415\u0408\u0410-1-2048x1152.jpg 2048w, https:\/\/skcns.org\/wp-content\/uploads\/2024\/09\/najava-\u0410\u041d\u0414\u0420\u0415\u0408\u0410-1-18x10.jpg 18w\" sizes=\"(max-width: 1024px) 100vw, 1024px\" \/><\/figure>\n\n\n\n<p><\/p>\n\n\n\n<p>Promocija knji\u017eevnog i umetni\u010dkog stvarala\u0161tva Andreje Karga\u010din odr\u017ea\u0107e se 30. septembra u 18 \u010dasova u Galeriji Studentskog kulturnog centra u Novom Sadu, koji se nalazi u Ulici Vladimira Peri\u0107a Valtera 5. Doga\u0111aj zajedni\u010dki organizuju SKCNS i Udru\u017eenje studenata knji\u017eevnosti \u201eUliks\u201d.<\/p>\n\n\n\n<p>U\u010desnici programa su: Andreja Karga\u010din, i \u010dlanovi Udru\u017eenja studenata knji\u017eevnosti \u201eUliks\u201d \u2014 Anja Perovi\u0107 i Zelji\u0107 Pavle, moderatori.<\/p>\n\n\n\n<p>O autorki: Andreja Karga\u010din (Novi Sad, 1999) je umetnica performansa, pozori\u0161na rediteljka, koreografkinja, vizuelna umetnica i spisateljica. Zavr\u0161ila je Srednju baletsku \u0161kolu u Novom Sadu, Odsek za savremenu igru, i pozori\u0161nu re\u017eiju na Fakultetu dramskih umetnosti u Beogradu. Autorka je performansa i instalacija: Sonata za violinu i kukuruze Op. 1946 (Venecija 2020, Gradiska d\u2019Izonco, Italija, 2022); Presepe (Miei morti mi vogliono) (Udine\/Trst, Italija, 2022); Queen Elisabeth and Asbestos Snow (Monfalkone\/Udine, Italija, 2023); Clara or a Dollhouse (Rim \/ Gradiska d\u2019Izonco, Italija, 2023\/2024), Holopartizanke (Novi Sad \/ Beograd, 2024), Paranoia Raum (Berlin, Nema\u010dka, 2024) i dr. Re\u017eirala je predstave: Baden-badenska lekcija o saglasnosti Bertolta Brehta (Narodno pozori\u0161te, Beograd, 2021), Bruklin i ma\u010dke u kontejnerima Vide Davidovi\u0107 (Bitef teatar, 2021), Na unutra\u0161njem moru Edvarda Bonda (Novosadsko pozori\u0161te, 2023). U\u010destvovala je na desetak samostalnih i grupnih izlo\u017ebi u Italiji i Srbiji, kao i na rezidencijama u Italiji, Srbiji, \u0160vedskoj i Nema\u010dkoj. Za zbirku pesama Slobodni dani Elene \u010cau\u0161esku (Zavod za pru\u010davanje kulturnog razvitka, Beograd, 2023) dobila je Nagradu \u201eNovica Tadi\u0107\u201d, a za roman Akvarijum (Laguna, Beograd, 2017) II nagradu \u201eDositejevo pero\u201d. Jedna je od osniva\u010dica umetni\u010dke grupe \u010ceta-\u0161tab za savremeni ples i umetnost. \u010clanica je umetni\u010dkog kolektiva \u0160ok zadruga \/ Led art. Kao koreografkinja, dramatur\u0161kinja i izvo\u0111a\u010dica sara\u0111ivala je na brojnim projektima u zemlji i inostranstvu.<\/p>\n\n\n\n<p>Knji\u017eevna kritika o Andreji Karga\u010din:<br>Duhovita, ironi\u010dna, gorka, zbirka Andreje Karga\u010din nesumnjivo zaslu\u017euje veliko odli\u010dje koje je dobila. (\u2026) Ta slojevita, zna\u010denjima bogata asocijativnost \u010dini ovu zbirku privla\u010dnom za \u010ditanje i slo\u017eenom za tuma\u010denje. Onaj ko je \u010dita ulazi sa svojom vizurom u slo\u017een kaleidoskop njenih uvida i, ako voli poeziju, u\u017eiva\u0107e u tome. (prof. dr Ljiljana Pe\u0161ikan Lju\u0161tanovi\u0107)<\/p>\n\n\n\n<p>Njeno pesni\u0161tvo postaje opozit stereotipa o \u017eenskoj knji\u017eevnosti, jer tematizuje intimnu ispovest \u017eena koje nemaju pravo na intimu. Otud slobodni dani iz naslova zbirke nikako ne mogu biti fragonarovsko plandovanje u rokoko-idili, ve\u0107 stalni napor: za \u017eenu na elitnom(!) polo\u017eaju, svi dani su slobodni, ali upravo zato, nijedan nije. Svi su \u201eslobodni\u201d, jer su bezli\u010dni kontinuum performansa, kao lutke u izlogu \u0161oping-mola. (Pavle Zelji\u0107)<\/p>","protected":false},"excerpt":{"rendered":"<p>Promocija knji\u017eevnog i umetni\u010dkog stvarala\u0161tva Andreje Karga\u010din odr\u017ea\u0107e se 30. septembra u 18 \u010dasova u Galeriji Studentskog kulturnog centra u Novom Sadu, koji se nalazi u Ulici Vladimira Peri\u0107a Valtera [&hellip;]<\/p>\n","protected":false},"author":6,"featured_media":5780,"comment_status":"open","ping_status":"open","sticky":false,"template":"","format":"standard","meta":{"site-sidebar-layout":"default","site-content-layout":"","ast-site-content-layout":"default","site-content-style":"default","site-sidebar-style":"default","ast-global-header-display":"","ast-banner-title-visibility":"","ast-main-header-display":"","ast-hfb-above-header-display":"","ast-hfb-below-header-display":"","ast-hfb-mobile-header-display":"","site-post-title":"","ast-breadcrumbs-content":"","ast-featured-img":"disabled","footer-sml-layout":"","ast-disable-related-posts":"","theme-transparent-header-meta":"","adv-header-id-meta":"","stick-header-meta":"","header-above-stick-meta":"","header-main-stick-meta":"","header-below-stick-meta":"","astra-migrate-meta-layouts":"set","ast-page-background-enabled":"default","ast-page-background-meta":{"desktop":{"background-color":"","background-image":"","background-repeat":"repeat","background-position":"center center","background-size":"auto","background-attachment":"scroll","background-type":"","background-media":"","overlay-type":"","overlay-color":"","overlay-opacity":"","overlay-gradient":""},"tablet":{"background-color":"","background-image":"","background-repeat":"repeat","background-position":"center center","background-size":"auto","background-attachment":"scroll","background-type":"","background-media":"","overlay-type":"","overlay-color":"","overlay-opacity":"","overlay-gradient":""},"mobile":{"background-color":"","background-image":"","background-repeat":"repeat","background-position":"center center","background-size":"auto","background-attachment":"scroll","background-type":"","background-media":"","overlay-type":"","overlay-color":"","overlay-opacity":"","overlay-gradient":""}},"ast-content-background-meta":{"desktop":{"background-color":"var(--ast-global-color-5)","background-image":"","background-repeat":"repeat","background-position":"center center","background-size":"auto","background-attachment":"scroll","background-type":"","background-media":"","overlay-type":"","overlay-color":"","overlay-opacity":"","overlay-gradient":""},"tablet":{"background-color":"var(--ast-global-color-5)","background-image":"","background-repeat":"repeat","background-position":"center center","background-size":"auto","background-attachment":"scroll","background-type":"","background-media":"","overlay-type":"","overlay-color":"","overlay-opacity":"","overlay-gradient":""},"mobile":{"background-color":"var(--ast-global-color-5)","background-image":"","background-repeat":"repeat","background-position":"center center","background-size":"auto","background-attachment":"scroll","background-type":"","background-media":"","overlay-type":"","overlay-color":"","overlay-opacity":"","overlay-gradient":""}},"footnotes":""},"categories":[21,4],"tags":[128],"class_list":["post-5779","post","type-post","status-publish","format-standard","has-post-thumbnail","hentry","category-knjizevni","category-vesti","tag-skcns"],"_links":{"self":[{"href":"https:\/\/skcns.org\/sr_cyr\/wp-json\/wp\/v2\/posts\/5779","targetHints":{"allow":["GET"]}}],"collection":[{"href":"https:\/\/skcns.org\/sr_cyr\/wp-json\/wp\/v2\/posts"}],"about":[{"href":"https:\/\/skcns.org\/sr_cyr\/wp-json\/wp\/v2\/types\/post"}],"author":[{"embeddable":true,"href":"https:\/\/skcns.org\/sr_cyr\/wp-json\/wp\/v2\/users\/6"}],"replies":[{"embeddable":true,"href":"https:\/\/skcns.org\/sr_cyr\/wp-json\/wp\/v2\/comments?post=5779"}],"version-history":[{"count":2,"href":"https:\/\/skcns.org\/sr_cyr\/wp-json\/wp\/v2\/posts\/5779\/revisions"}],"predecessor-version":[{"id":5782,"href":"https:\/\/skcns.org\/sr_cyr\/wp-json\/wp\/v2\/posts\/5779\/revisions\/5782"}],"wp:featuredmedia":[{"embeddable":true,"href":"https:\/\/skcns.org\/sr_cyr\/wp-json\/wp\/v2\/media\/5780"}],"wp:attachment":[{"href":"https:\/\/skcns.org\/sr_cyr\/wp-json\/wp\/v2\/media?parent=5779"}],"wp:term":[{"taxonomy":"category","embeddable":true,"href":"https:\/\/skcns.org\/sr_cyr\/wp-json\/wp\/v2\/categories?post=5779"},{"taxonomy":"post_tag","embeddable":true,"href":"https:\/\/skcns.org\/sr_cyr\/wp-json\/wp\/v2\/tags?post=5779"}],"curies":[{"name":"wp","href":"https:\/\/api.w.org\/{rel}","templated":true}]}}